{"id":2865,"date":"2021-08-25T20:39:46","date_gmt":"2021-08-25T17:39:46","guid":{"rendered":"https:\/\/statiholding.md\/?p=2865"},"modified":"2021-08-26T09:38:13","modified_gmt":"2021-08-26T06:38:13","slug":"gabriel-stati-doar-inainte-nici-un-pas-inapoi","status":"publish","type":"post","link":"https:\/\/statiholding.md\/ro\/gabriel-stati-doar-inainte-nici-un-pas-inapoi\/","title":{"rendered":"Gabriel Stati: \u201cDoar \u00eenainte \u2013 nici un pas \u00eenapoi!\u201d"},"content":{"rendered":"\n<blockquote class=\"wp-block-quote\"><p>\u201cDup\u0103 at\u00e2tea e\u015fecuri, m\u0103car acum, la 30 de ani, s\u0103 construim un stat pentru oameni, pentru to\u0163i oamenii. Este timpul unei adev\u0103rate revolu\u0163ii \u00een felul \u00een care este guvernat\u0103 \u0163ara\u201d, este o fraz\u0103 dintr-o adresare recent\u0103 a pre\u0219edintelui Republicii Moldova c\u0103tre Parlament \u00een noua componen\u021b\u0103. Aceste cuvinte au provocat o solidaritate \u00eentre exper\u021bi: Moldova se confrunt\u0103 cu o criz\u0103 acut\u0103 \u00een toate sferele \u0219i practic nu exist\u0103 profesioni\u0219ti care s-o ajute s\u0103 dep\u0103\u0219easc\u0103 criza.<\/p><p>Potrivit lui Alexandru Muravschi, fost viceprim-ministru, \u00een societatea moldoveneasc\u0103 \u00eenc\u0103 nu s-a format o mas\u0103 critic\u0103 de oameni care sunt capabili din punct de vedere organiza\u021bional \u0219i tehnic s\u0103 formeze o ma\u0219in\u0103 de stat eficient\u0103. Corect, \u00eenc\u0103 nu s-a format o mas\u0103 critic\u0103, dar \u00een sfera economiei \u0219i afacerilor exist\u0103 oameni ale c\u0103ror oportunit\u0103\u021bi ar fi putut s\u0103 fie solicitate, dar nu sunt, iar dorin\u021ba lor de a coopera cu statul este pur \u0219i simplu respins\u0103 de c\u0103tre stat. Dup\u0103 alegeri, a venit un nou guvern \u0219i a anun\u021bat o modernizare complet\u0103 a \u021b\u0103rii. Pentru ca modernizarea s\u0103 poat\u0103 fi realizat\u0103, este timpul s\u0103 colect\u0103m tot poten\u021bialul actual din Moldova. Unul dintre reprezentan\u021bii acestui poten\u021bial este invitatul nostru de azi \u2013 Gabriel Stati, Pre\u0219edintele \u201eStati-Holding\u201d (Group of companies).<\/p><\/blockquote>\n\n\n\n<div class=\"wp-block-image\"><figure class=\"aligncenter size-large\"><img loading=\"lazy\" width=\"1024\" height=\"683\" src=\"https:\/\/statiholding.md\/wp-content\/uploads\/2021\/08\/P0B1603-1024x683.jpg\" alt=\"\" class=\"wp-image-2784\" srcset=\"https:\/\/statiholding.md\/wp-content\/uploads\/2021\/08\/P0B1603-1024x683.jpg 1024w, https:\/\/statiholding.md\/wp-content\/uploads\/2021\/08\/P0B1603-300x200.jpg 300w, https:\/\/statiholding.md\/wp-content\/uploads\/2021\/08\/P0B1603-768x512.jpg 768w, https:\/\/statiholding.md\/wp-content\/uploads\/2021\/08\/P0B1603-1536x1024.jpg 1536w, https:\/\/statiholding.md\/wp-content\/uploads\/2021\/08\/P0B1603-2048x1365.jpg 2048w, https:\/\/statiholding.md\/wp-content\/uploads\/2021\/08\/P0B1603-370x247.jpg 370w\" sizes=\"(max-width: 1024px) 100vw, 1024px\" \/><\/figure><\/div>\n\n\n\n<h5><br>C\u00e2ndva, omul de afaceri Anatol Stati i-a \u00eencredin\u021bat fiului s\u0103u func\u021bia de vicepre\u0219edinte \u00een compania sa petrolier\u0103 \u201eAscom Group\u201d. Pe atunci, t\u00e2n\u0103rul era implicat serios \u00een promovarea sportului \u00een Moldova: \u00een 1999 a devenit pre\u0219edintele Centrului Taekwondo al ITF; \u00een 2000 \u2013 pre\u0219edintele de onoare al clubului de fotbal \u201eDacia\u201d din Chi\u0219in\u0103u, \u00een prim\u0103vara anului 2006 a primit Ordinul Federa\u021biei de Taekwondo din m\u00e2inile lui Chang Ung \u00een persoan\u0103, a preluat ulterior postul de pre\u0219edinte al Comitetului de finan\u021be \u0219i marketing la Federa\u021bia Interna\u021bional\u0103 de Taekwondo, ITF.<\/h5>\n\n\n\n<h5>La v\u00e2rsta de 21 de ani, Gabriel, fiul lui Anatol Stati, a c\u00e2\u0219tigat primul milion de dolari \u0219i a devenit unul dintre cei mai influen\u021bi o sut\u0103 de oameni din \u021bar\u0103, devenind, f\u0103r\u0103 s\u0103 vrea, principalul rival al lui Oleg Voronin, pretendent la acest titlu, al c\u0103rui succes a fost \u00een principal asociat cu postul ocupat de tat\u0103l s\u0103u, pre\u0219edintele de atunci al Republicii Moldova, Vladimir Voronin.<\/h5>\n\n\n\n<h5>Totu\u0219i, popularitatea, capitalul \u0219i comunica\u021biile de afaceri extinse nu le-au garantat tat\u0103lui \u0219i fiului Stati imunitate la tr\u0103dare. Profit\u00e2nd de putere, Voronin a f\u0103cut tot posibilul ca s\u0103 fie intentate ni\u0219te dosare penale. Gabriel, care pe atunci conducea Uniunea Studen\u021bilor \u0219i Tineretului din Moldova, a fost re\u021binut cu formularea \u201esub suspiciunea c\u0103 finan\u021beaz\u0103 proteste \u0219i preg\u0103te\u0219te o lovitur\u0103 de stat\u201d, extr\u0103dat \u00een Moldova \u0219i arestat, \u00een ciuda faptului c\u0103 tat\u0103l s\u0103u, Anatol Stati, a f\u0103cut apel c\u0103tre autorit\u0103\u021bile ucrainene cu o cerere de a nu permite transferul fiului s\u0103u \u201e\u00een a\u0219teptarea unei anchete impar\u021biale \u0219i independente\u201d.<\/h5>\n\n\n\n<h5>Gabriel Stati a fost acuzat oficial \u00een temeiul a dou\u0103 articole din Codul penal al Republicii Moldova: \u201eorganizarea de revolte \u00een mas\u0103\u201d \u0219i \u201eac\u021biuni comise cu scopul de a prelua puterea de stat pe 7 aprilie \u00een ora\u0219ul Chi\u0219in\u0103u\u201d.<\/h5>\n\n\n\n<h5>\u00cen iunie 2009, instan\u021ba l-a eliberat \u0219i l-a plasat \u00een arest la domiciliu, \u00een iulie schimb\u00e2nd aceast\u0103 m\u0103sur\u0103 preventiv\u0103 \u00een restric\u0163ii legate de libertatea de deplasare, iar \u00een noiembrie a renun\u021bat la procesul penal \u0219i l-a achitat pe deplin. Dar ini\u021biatorii n-au renun\u021bat, juc\u00e2ndu-\u0219i \u00een 2013 rolul \u00eentr-un caz de profil \u00eenalt \u00eentre autorit\u0103\u021bile din Kazahstan \u0219i omul de afaceri Anatol Stati.<\/h5>\n\n\n\n<h5>\u00cen acela\u0219i timp, \u201eStati Holding\u201d, care a fost creat de Gabriel Stati \u0219i a fost reprezentat \u00een spa\u021biul economic al Republicii Moldova de un grup de companii care func\u021bioneaz\u0103 cu succes din 1993, \u0219i-a extins activit\u0103\u021bile, \u00eensu\u0219ind, pe l\u00e2ng\u0103 v\u00e2nzarea de petrol \u0219i gaze naturale, noi domenii: rafinarea petrolului, finan\u021be \u0219i investi\u021bii, imobiliare \u0219i construc\u021bii, tehnologia informa\u021biei, produse farmaceutice, securitate, asigur\u0103ri, divertisment \u0219i multe altele. \u00cen prezent, holdingul investe\u0219te \u00een economia Moldovei, precum \u0219i \u00een industriile relevante din afara \u021b\u0103rii. Geografia activit\u0103\u021bilor grupului de companii acoper\u0103 Rusia, Ucraina, Belarus, Bulgaria, Azerbaidjan, Uzbekistan, K\u00e2rg\u00e2zstan \u0219i Turcia, Rom\u00e2nia, Republica Ceh\u0103, Fran\u021ba, Spania, Olanda, Japonia, Honduras, Sudan, Kenya, Emiratele Arabe Unite \u0219i Statele Unite ale Americii.<\/h5>\n\n\n\n<h5>\u00cen 2010, Gabriel Stati a participat la alegerile parlamentare \u00een calitate de candidat independent, inten\u021bion\u00e2nd s\u0103 devin\u0103 o voce a tinerilor \u0219i a studen\u021bilor \u00een Parlament. Printre tezele din program s\u0103u, \u00eenc\u0103 pe atunci el a eviden\u021biat principalele probleme: burse mici, lipsa locurilor de munc\u0103 dup\u0103 absolvire, lipsa locuin\u021belor, \u00eent\u00e2rzierea \u00een dezvoltarea \u00eentreprinderilor mici \u0219i mijlocii.<\/h5>\n\n\n\n<h5>Cu tot poten\u021bialul s\u0103u, Stati nu este o persoan\u0103 public\u0103, iar despre oportunit\u0103\u021bile \u0219i activit\u0103\u021bile sale diverse, care au adus \u0219i continu\u0103 s\u0103 aduc\u0103 profit Moldovei, nu se cunosc prea multe. Conversa\u021bia cu dumnealui a avut loc \u00eentr-o form\u0103 de blitz, iar p\u00e2n\u0103 la sf\u00e2r\u0219itul interviului, conceptul a fost clar definit.<\/h5>\n\n\n\n<div class=\"wp-block-image\"><figure class=\"aligncenter size-large\"><img loading=\"lazy\" width=\"1024\" height=\"683\" src=\"https:\/\/statiholding.md\/wp-content\/uploads\/2021\/08\/P0B1544-1024x683.jpg\" alt=\"\" class=\"wp-image-2791\" srcset=\"https:\/\/statiholding.md\/wp-content\/uploads\/2021\/08\/P0B1544-1024x683.jpg 1024w, https:\/\/statiholding.md\/wp-content\/uploads\/2021\/08\/P0B1544-300x200.jpg 300w, https:\/\/statiholding.md\/wp-content\/uploads\/2021\/08\/P0B1544-768x512.jpg 768w, https:\/\/statiholding.md\/wp-content\/uploads\/2021\/08\/P0B1544-1536x1024.jpg 1536w, https:\/\/statiholding.md\/wp-content\/uploads\/2021\/08\/P0B1544-2048x1365.jpg 2048w, https:\/\/statiholding.md\/wp-content\/uploads\/2021\/08\/P0B1544-370x247.jpg 370w\" sizes=\"(max-width: 1024px) 100vw, 1024px\" \/><\/figure><\/div>\n\n\n\n<h4><br>Domnule Stati, holdingul dumneavoastr\u0103 se ocup\u0103 de domenii foarte diverse. Care sunt avantajele versatilit\u0103\u021bii?<\/h4>\n\n\n\n<p>E greu de spus \u00een dou\u0103 fraze. \u00centr-adev\u0103r, avem o mul\u021bime de chestiuni de care ne ocup\u0103m, iar companiile noastre activeaz\u0103 \u00een diverse domenii, de la construc\u021bii la IT. Lumea se schimb\u0103 foarte rapid, iar noi \u00eencerc\u0103m s\u0103 \u021binem pasul cu acest nou ritm.<\/p>\n\n\n\n<p><br><\/p>\n\n\n\n<h4>Pandemia de COVID-19, \u00een general, a avut un impact negativ dramatic asupra afacerilor din \u00eentreaga lume. \u00cens\u0103 unele tipuri de afaceri, dimpotriv\u0103, au crescut. Din ce tab\u0103r\u0103 face parte activitatea dumneavoastr\u0103? Situa\u021bia actual\u0103 a devenit o lec\u021bie valoroas\u0103 pentru dumneavoastr\u0103? Dac\u0103 da, \u00een ce fel?<\/h4>\n\n\n\n<p>Pandemia a devenit o lec\u021bie valoroas\u0103 pentru to\u021bi \u0219i noi nu facem excep\u021bie. Dac\u0103 privim afacerea \u00een ansamblu, holdingul a avut de suferit.<\/p>\n\n\n\n<p>O lec\u021bie personal\u0103 pentru mine a fost faptul c\u0103 am devenit mai pu\u021bin risipitor. Obi\u0219nuiam s\u0103 cheltuiesc prea mul\u021bi bani \u0219i timp personal pentru proiecte inutile \u0219i oameni inutili.<br><br><\/p>\n\n\n\n<div class=\"wp-block-image\"><figure class=\"aligncenter size-large\"><img loading=\"lazy\" width=\"1024\" height=\"683\" src=\"https:\/\/statiholding.md\/wp-content\/uploads\/2021\/08\/P0B1562-1024x683.jpg\" alt=\"\" class=\"wp-image-2794\" srcset=\"https:\/\/statiholding.md\/wp-content\/uploads\/2021\/08\/P0B1562-1024x683.jpg 1024w, https:\/\/statiholding.md\/wp-content\/uploads\/2021\/08\/P0B1562-300x200.jpg 300w, https:\/\/statiholding.md\/wp-content\/uploads\/2021\/08\/P0B1562-768x512.jpg 768w, https:\/\/statiholding.md\/wp-content\/uploads\/2021\/08\/P0B1562-1536x1024.jpg 1536w, https:\/\/statiholding.md\/wp-content\/uploads\/2021\/08\/P0B1562-2048x1366.jpg 2048w, https:\/\/statiholding.md\/wp-content\/uploads\/2021\/08\/P0B1562-370x247.jpg 370w\" sizes=\"(max-width: 1024px) 100vw, 1024px\" \/><\/figure><\/div>\n\n\n\n<p><\/p>\n\n\n\n<h4><br>V\u0103 considera\u021bi deosebit?<\/h4>\n\n\n\n<p>Nicidecum. Nu m\u0103 consider deosebit. Totu\u0219i, prin faptul c\u0103 m-am n\u0103scut \u00eentr-o astfel de familie, trebuia s\u0103 m\u0103 ridic la \u00een\u0103l\u0163imea unor a\u015ftept\u0103ri. Nu \u0219tiu dac\u0103 pot face la fel de mult ca tat\u0103l meu \u0219i nu \u0219tiu dac\u0103 este posibil, dar sarcina mea este s\u0103 p\u0103strez \u0219i s\u0103 sporesc toate acestea.<\/p>\n\n\n\n<p><br><\/p>\n\n\n\n<h4>Ce v\u0103 irit\u0103 cel mai mult la oameni? \u0218i ce tr\u0103s\u0103turi v\u0103 plac?<\/h4>\n\n\n\n<p>M\u0103 irit\u0103 oamenii care se v\u0103ic\u0103resc.<\/p>\n\n\n\n<p>\u00cemi plac oamenii cu o atitudine pozitiv\u0103 fa\u021b\u0103 de via\u021b\u0103 \u0219i o bun\u0103 dispozi\u021bie.<\/p>\n\n\n\n<p><br><\/p>\n\n\n\n<h4>Ce calit\u0103\u021bi remarcabile ave\u021bi?<\/h4>\n\n\n\n<p>Sinceritatea \u0219i onestitatea.<\/p>\n\n\n\n<p><br><\/p>\n\n\n\n<h4>Ce \u00eenseamn\u0103 pentru un b\u0103rbat s\u0103 aib\u0103 succes?<\/h4>\n\n\n\n<p>Succesul este atunci c\u00e2nd te ui\u021bi \u00een oglind\u0103 \u0219i nu \u021bi-e ru\u0219ine de ceea ce vezi. Este valabil nu numai pentru b\u0103rba\u021bi, ci pentru fiecare om.<\/p>\n\n\n\n<p><br><\/p>\n\n\n\n<h4>Cum s\u0103 ob\u021bii ceea ce \u00ee\u021bi dore\u0219ti?<\/h4>\n\n\n\n<p>Ca s\u0103 ob\u021bii ceea ce \u00ee\u021bi dore\u0219ti, trebuie s\u0103 \u00ee\u021bi dore\u0219ti acest lucru cu adev\u0103rat.<\/p>\n\n\n\n<p><br><\/p>\n\n\n\n<h4>Ce reguli de via\u021b\u0103 \u0219i de afaceri respecta\u021bi cu stricte\u021be?<\/h4>\n\n\n\n<p>Principala regul\u0103 a vie\u021bii este s\u0103 \u00eencerci s\u0103 nu dezam\u0103ge\u0219ti pe nimeni.<\/p>\n\n\n\n<p><br><\/p>\n\n\n\n<h4>V\u0103 st\u0103 \u00een fire s\u0103 ajuta\u021bi oamenii, nu doar persoanele dragi? Pute\u021bi accepta ajutorul din exterior?<\/h4>\n\n\n\n<p>\u00centotdeauna am ajutat \u0219i m\u0103 str\u0103dui s\u0103 ajut, dar ajutorul poate fi nu numai material. Iar pentru a primi ajutor, trebuie s\u0103 \u0219tii exact ce fel de ajutor este \u0219i din partea cui vine.<br><br><\/p>\n\n\n\n<div class=\"wp-block-image\"><figure class=\"aligncenter size-large\"><img loading=\"lazy\" width=\"1024\" height=\"683\" src=\"https:\/\/statiholding.md\/wp-content\/uploads\/2021\/08\/P0B1469-1024x683.jpg\" alt=\"\" class=\"wp-image-2829\" srcset=\"https:\/\/statiholding.md\/wp-content\/uploads\/2021\/08\/P0B1469-1024x683.jpg 1024w, https:\/\/statiholding.md\/wp-content\/uploads\/2021\/08\/P0B1469-300x200.jpg 300w, https:\/\/statiholding.md\/wp-content\/uploads\/2021\/08\/P0B1469-768x512.jpg 768w, https:\/\/statiholding.md\/wp-content\/uploads\/2021\/08\/P0B1469-1536x1024.jpg 1536w, https:\/\/statiholding.md\/wp-content\/uploads\/2021\/08\/P0B1469-2048x1365.jpg 2048w, https:\/\/statiholding.md\/wp-content\/uploads\/2021\/08\/P0B1469-370x247.jpg 370w\" sizes=\"(max-width: 1024px) 100vw, 1024px\" \/><\/figure><\/div>\n\n\n\n<p><\/p>\n\n\n\n<h4><br>Exist\u0103 vreo persoan\u0103 pe care o admira\u021bi?<\/h4>\n\n\n\n<p>Da, exist\u0103, \u0219i nu una singur\u0103. Sunt fascinat de simplitatea interioar\u0103 a oamenilor. C\u00e2nd o persoan\u0103 acord\u0103 prioritate lucrurilor mai valoroase \u0219i mai importante dec\u00e2t cele materiale \u0219i cele cu scopul de a impresiona.<\/p>\n\n\n\n<p><br><\/p>\n\n\n\n<h4>Gabriel, acum c\u0103 nu mai sunte\u021bi un \u00eencep\u0103tor \u00een afaceri, ce \u00eenseamn\u0103 aceast\u0103 activitate pentru dumneavoastr\u0103 \u2013 sport, munc\u0103 sau pl\u0103cere?<\/h4>\n\n\n\n<p>Le combin. Ele alc\u0103tuiesc un tot \u00eentreg.<\/p>\n\n\n\n<p><br><\/p>\n\n\n\n<h4>La ce visa\u021bi?<\/h4>\n\n\n\n<p>Se zice c\u0103, atunci c\u00e2nd visezi la ceva, n-ar trebui s\u0103 poveste\u0219ti nim\u0103nui pentru c\u0103 poate s\u0103 nu se \u00eemplineasc\u0103.<\/p>\n\n\n\n<p><br><\/p>\n\n\n\n<h4>Dac\u0103 a\u021bi putea \u00eencepe via\u021ba din nou, ce a\u021bi schimba?<\/h4>\n\n\n\n<p>A\u0219 petrece mai mult timp studiind limbi str\u0103ine.<\/p>\n\n\n\n<p><br><\/p>\n\n\n\n<h4>V\u0103 place s\u0103 citi\u021bi?<\/h4>\n\n\n\n<p>Da. Din tot ce am citit, cel mai mult \u00eemi place Dale Carnegie.<\/p>\n\n\n\n<p><br><\/p>\n\n\n\n<h4>Dar din filme ce v\u0103 place, dac\u0103 ave\u021bi timp pentru ele?<\/h4>\n\n\n\n<p>Na\u0219ul (The Godfather) \u0219i Lichidarea (\u041b\u0438\u043a\u0432\u0438\u0434\u0430\u0446\u0438\u044f).<\/p>\n\n\n\n<p><br><\/p>\n\n\n\n<h4>Care este motto-ul vie\u021bii dumneavoastr\u0103?<\/h4>\n\n\n\n<p>Doar \u00eenainte \u0219i nici un pas \u00eenapoi!<\/p>\n\n\n\n<p><br><\/p>\n\n\n\n<h4>\u00cen viitorul apropiat se poate \u00eent\u00e2mpla ceva \u00een situa\u021bia socio-politic\u0103 a acelor \u021b\u0103ri \u00een care opereaz\u0103 holdingul dumneavoastr\u0103, care s\u0103 afecteze mediul de afaceri?<\/h4>\n\n\n\n<p>Tr\u0103im timpuri instabile \u0219i imprevizibile c\u00e2nd se poate \u00eent\u00e2mpla orice. Este inutil s\u0103 facem vreun fel de predic\u021bii.<\/p>\n\n\n\n<p><br><\/p>\n\n\n\n<h4>Ce v\u0103 place\/v\u0103 displace cel mai mult \u00een domeniul activit\u0103\u021bii dumneavoastr\u0103?<\/h4>\n\n\n\n<p>\u00cemi place tot ceea ce fac \u00een via\u021b\u0103. Dac\u0103 nu mi-ar pl\u0103cea, nu m-a\u0219 ocupa cu asta.<\/p>\n\n\n\n<p><br><\/p>\n\n\n\n<h4>Imagina\u021bi-v\u0103 c\u0103 ave\u021bi sarcina s\u0103 preda\u021bi afaceri elevilor de clasa \u00eent\u00e2i. De unde a\u021bi \u00eencepe s\u0103-i \u00eenv\u0103\u021ba\u021bi?<\/h4>\n\n\n\n<p>\u00cenc\u0103 nu am suficient\u0103 experien\u021b\u0103 ca s\u0103 \u00eenv\u0103\u021b pe cineva. Eu \u00eensumi permanent m\u0103 str\u0103duiesc s\u0103 \u00eenv\u0103\u021b.<br><br><\/p>\n\n\n\n<div class=\"wp-block-image\"><figure class=\"aligncenter size-large\"><img loading=\"lazy\" width=\"683\" height=\"1024\" src=\"https:\/\/statiholding.md\/wp-content\/uploads\/2021\/08\/P0B1465-683x1024.jpg\" alt=\"\" class=\"wp-image-2857\" srcset=\"https:\/\/statiholding.md\/wp-content\/uploads\/2021\/08\/P0B1465-683x1024.jpg 683w, https:\/\/statiholding.md\/wp-content\/uploads\/2021\/08\/P0B1465-200x300.jpg 200w, https:\/\/statiholding.md\/wp-content\/uploads\/2021\/08\/P0B1465-768x1152.jpg 768w, https:\/\/statiholding.md\/wp-content\/uploads\/2021\/08\/P0B1465-1024x1536.jpg 1024w, https:\/\/statiholding.md\/wp-content\/uploads\/2021\/08\/P0B1465-1365x2048.jpg 1365w, https:\/\/statiholding.md\/wp-content\/uploads\/2021\/08\/P0B1465-scaled.jpg 1707w\" sizes=\"(max-width: 683px) 100vw, 683px\" \/><\/figure><\/div>\n\n\n\n<h4><br>Din experien\u021ba dumneavoastr\u0103, e mai sigur s\u0103 construie\u0219ti o afacere de unul singur sau \u00eempreun\u0103 cu partenerii?<\/h4>\n\n\n\n<p>Trebuie s\u0103 \u00eencepi \u00eentotdeauna singur. Apoi, \u00een cursul vie\u021bii, partenerii \u00eencep s\u0103 apar\u0103 \u0219i via\u021ba \u00eens\u0103\u0219i \u00eencepe s\u0103-i separe pe cei nepotrivi\u021bi. Cuiva \u00eei lipse\u0219te caracterul \u0219i perseveren\u021ba, cuiva \u00eei lipse\u0219te onestitatea \u0219i decen\u021ba.<\/p>\n\n\n\n<p><br><\/p>\n\n\n\n<h4>Dup\u0103 p\u0103rerea dumneavoastr\u0103, care este rela\u021bia dintre afaceri \u0219i politic\u0103 \u00een lumea modern\u0103?<\/h4>\n\n\n\n<p>O rela\u021bie direct\u0103. Una rezult\u0103 din cealalt\u0103 \u0219i invers. Ast\u0103zi, practic toate sferele vie\u021bii umane sunt influen\u021bate de politica unei anumite \u021b\u0103ri sau stat.<\/p>\n\n\n\n<p><br><\/p>\n\n\n\n<h4>Cum crede\u021bi, Republica Moldova independent\u0103 are perspective economice \u0219i politice?<\/h4>\n\n\n\n<p>Moldova are un viitor. Totul va depinde de c\u00e2t de \u00een\u021belep\u021bi vor fi politicienii no\u0219tri. Pentru Moldova este important s\u0103-\u0219i men\u021bin\u0103 suveranitatea.<\/p>\n\n\n\n<p><br><\/p>\n\n\n\n<h4>Inten\u021biona\u021bi s\u0103 intra\u021bi \u00een politic\u0103?<\/h4>\n\n\n\n<p>Nu.<br><br><\/p>\n\n\n\n<div class=\"wp-block-image\"><figure class=\"aligncenter size-large\"><img loading=\"lazy\" width=\"1024\" height=\"683\" src=\"https:\/\/statiholding.md\/wp-content\/uploads\/2021\/08\/P0B1538-1024x683.jpg\" alt=\"\" class=\"wp-image-2852\" srcset=\"https:\/\/statiholding.md\/wp-content\/uploads\/2021\/08\/P0B1538-1024x683.jpg 1024w, https:\/\/statiholding.md\/wp-content\/uploads\/2021\/08\/P0B1538-300x200.jpg 300w, https:\/\/statiholding.md\/wp-content\/uploads\/2021\/08\/P0B1538-768x512.jpg 768w, https:\/\/statiholding.md\/wp-content\/uploads\/2021\/08\/P0B1538-1536x1024.jpg 1536w, https:\/\/statiholding.md\/wp-content\/uploads\/2021\/08\/P0B1538-2048x1365.jpg 2048w, https:\/\/statiholding.md\/wp-content\/uploads\/2021\/08\/P0B1538-370x247.jpg 370w\" sizes=\"(max-width: 1024px) 100vw, 1024px\" \/><\/figure><\/div>\n\n\n\n<p><br>Interviu realizat de Robert Zapadinschi, Redactor-\u0219ef al portalului informa\u021bional-analitic kommersantinfo.com<\/p>\n","protected":false},"excerpt":{"rendered":"<p>\u201cDup\u0103 at\u00e2tea e\u015fecuri, m\u0103car acum, la 30 de ani, s\u0103 construim un stat pentru oameni, pentru to\u0163i oamenii. Este timpul &hellip; <\/p>\n","protected":false},"author":1,"featured_media":2784,"comment_status":"closed","ping_status":"closed","sticky":false,"template":"","format":"standard","meta":[],"categories":[79,26],"tags":[220,218,153,198,214,221,62,212,216,211,217,213,60,83,215,219],"_links":{"self":[{"href":"https:\/\/statiholding.md\/ro\/wp-json\/wp\/v2\/posts\/2865"}],"collection":[{"href":"https:\/\/statiholding.md\/ro\/wp-json\/wp\/v2\/posts"}],"about":[{"href":"https:\/\/statiholding.md\/ro\/wp-json\/wp\/v2\/types\/post"}],"author":[{"embeddable":true,"href":"https:\/\/statiholding.md\/ro\/wp-json\/wp\/v2\/users\/1"}],"replies":[{"embeddable":true,"href":"https:\/\/statiholding.md\/ro\/wp-json\/wp\/v2\/comments?post=2865"}],"version-history":[{"count":41,"href":"https:\/\/statiholding.md\/ro\/wp-json\/wp\/v2\/posts\/2865\/revisions"}],"predecessor-version":[{"id":2913,"href":"https:\/\/statiholding.md\/ro\/wp-json\/wp\/v2\/posts\/2865\/revisions\/2913"}],"wp:featuredmedia":[{"embeddable":true,"href":"https:\/\/statiholding.md\/ro\/wp-json\/wp\/v2\/media\/2784"}],"wp:attachment":[{"href":"https:\/\/statiholding.md\/ro\/wp-json\/wp\/v2\/media?parent=2865"}],"wp:term":[{"taxonomy":"category","embeddable":true,"href":"https:\/\/statiholding.md\/ro\/wp-json\/wp\/v2\/categories?post=2865"},{"taxonomy":"post_tag","embeddable":true,"href":"https:\/\/statiholding.md\/ro\/wp-json\/wp\/v2\/tags?post=2865"}],"curies":[{"name":"wp","href":"https:\/\/api.w.org\/{rel}","templated":true}]}}